{"id":6098,"date":"2026-04-27T08:34:30","date_gmt":"2026-04-27T08:34:30","guid":{"rendered":"https:\/\/the-jena-experiment.de\/?p=6098"},"modified":"2026-04-27T08:43:08","modified_gmt":"2026-04-27T08:43:08","slug":"jathelfer-w-m-d-gesucht-vom-06-07-26-07-2026","status":"publish","type":"post","link":"https:\/\/the-jena-experiment.de\/index.php\/2026\/04\/27\/jathelfer-w-m-d-gesucht-vom-06-07-26-07-2026\/","title":{"rendered":"J\u00e4thelfer (w\/m\/d) gesucht vom 06.07. \u2013 26.07.2026"},"content":{"rendered":"\n<p class=\"has-vivid-cyan-blue-color has-text-color\"><em>#English version below#<\/em><\/p>\n\n\n\n<p>Ihr\ninteressiert euch f\u00fcr Pflanzen und arbeitet gerne drau\u00dfen? Wir brauchen Hilfe\nbei der Instandhaltung der Versuchsfl\u00e4chen des Jena Experiments! <\/p>\n\n\n\n<p><strong>Hintergrund:<\/strong><\/p>\n\n\n\n<p>Das\nJena-Experiment befasst sich mit der Bedeutung von Artenvielfalt f\u00fcr das\n\u00d6kosystem und ist eines der wenigen Langzeitexperimente dieser Art. Auf den\nFl\u00e4chen wurde die Anzahl der Pflanzenarten experimentell manipuliert. Damit die\nArtenanzahl erhalten bleibt, werden die Fl\u00e4chen regelm\u00e4\u00dfig gej\u00e4tet. <\/p>\n\n\n\n<p><strong>Arbeitsort:<\/strong><\/p>\n\n\n\n<p>Das J\u00e4ten findet auf den\nVersuchsfl\u00e4chen an der Wiesenstra\u00dfe im Norden Jenas statt.&nbsp; <\/p>\n\n\n\n<p><strong>Aufgabenbeschreibung:<\/strong><\/p>\n\n\n\n<p>J\u00e4ten der Freiland-Versuchsfl\u00e4chen des\nJena-Experiments.<\/p>\n\n\n\n<p class=\"has-luminous-vivid-amber-background-color has-background\"><strong>Zeitraum: <\/strong><br><strong><strong><strong>06.07. \u2013 26.07.2026 (Sommer-J\u00e4ten)<\/strong><\/strong><\/strong><\/p>\n\n\n\n<p><strong>Arbeitszeiten: <\/strong><\/p>\n\n\n\n<p>Flexible Arbeitszeiten (min. 20h, max. 80h \/Monat)\nzwischen 8.00 und 16.30 Uhr im angegebenen Zeitraum. Witterungsbedingte\n\u00c4nderungen sind m\u00f6glich. <\/p>\n\n\n\n<p><strong>Verg\u00fctung:<\/strong><\/p>\n\n\n\n<p>Die Verg\u00fctung ist je nach Vertragsgrundlage\nder an der Universit\u00e4t \u00fcbliche Stundensatz bzw. der Mindestlohn.<\/p>\n\n\n\n<p><strong>Voraussetzungen:<\/strong><\/p>\n\n\n\n<ul><li>Floristische\nArtenkenntnisse oder zumindest Interesse an Pflanzen<\/li><li>Deutschkenntnisse oder\ngute Englischkenntnisse (Nachweis erforderlich!)<\/li><li>Teilnahme an einer\nEinf\u00fchrungsveranstaltung <\/li><\/ul>\n\n\n\n<p>Bewerber,\ndie an keiner Hochschule in einem Bachelor- oder Masterstudiengang\neingeschrieben sind, k\u00f6nnen nur ber\u00fccksichtigt werden, wenn sie die\nVoraussetzungen einer kurzfristigen Besch\u00e4ftigung gem\u00e4\u00df \u00a7 8 Absatz 1 Nr. 2 des\nSGB IV erf\u00fcllen. <\/p>\n\n\n\n<p class=\"has-luminous-vivid-amber-background-color has-background\"><strong>Bewerbung:<\/strong><br>F\u00fcllen Sie das Formular \u201e<strong><a href=\"\/wp-content\/uploads\/EinstellantragJII.pdf\">EinstellantragJII.pdf<\/a><\/strong>\u201c elektronisch aus und senden es <strong>zusammen mit<\/strong> <strong>folgenden Unterlagen<\/strong>:<\/p>\n\n\n\n<ul><li>aktuelle Studienbescheinigung <\/li><li>heimisches Ausweis- und Identifikationsdokument<\/li><li>Bachelorzeugnis\n(falls zutreffend)&nbsp; <\/li><li>aktuellen\nAufenthaltstitel(falls\nzutreffend)<\/li><li>Sprachnachweis (nur ausl\u00e4ndische Bewerber)<\/li><\/ul>\n\n\n\n<p class=\"has-luminous-vivid-amber-background-color has-background\">bis sp\u00e4testens <strong><strong>28.05.2026<\/strong><\/strong> an <a href=\"mailto:biodiv@uni-jena.de\">biodiv@uni-jena.de<\/a>. <\/p>\n\n\n\n<p><strong>Ausf\u00fcllhinweise\nEinstellantrag:<\/strong> <\/p>\n\n\n\n<p>F\u00fcllen Sie bitte <strong>nur den oberen Abschnitt<\/strong> vollst\u00e4ndig elektronisch\naus (1. Angaben zur Person). Der zweite Abschnitt (2. Angaben zum\nArbeitsverh\u00e4ltnis) wird von der Projektleitung ausgef\u00fcllt. <\/p>\n\n\n\n<p><strong>Nur vollst\u00e4ndige und elektronisch (nicht handschriftlich) ausgef\u00fcllte Antr\u00e4ge\nzusammen mit den oben aufgef\u00fchrten Unterlagen k\u00f6nnen weiterbearbeitet werden<\/strong>. <\/p>\n\n\n\n<p>Wir freuen uns auf Euch!<\/p>\n\n\n\n<p>Das Jena Experiment Team<\/p>\n\n\n\n<p>&#8212;&#8212;&#8212;&#8211;<\/p>\n\n\n\n<p><strong>We are looking for weeding helpers (f\/m\/d) from <strong>23.03. to 19.04.2026<\/strong> <\/strong><\/p>\n\n\n\n<p>You are interested in plants and like to work outside? We need help with\nthe maintenance of the experimental plots of the Jena Experiment! <\/p>\n\n\n\n<p><strong>Background:<\/strong><\/p>\n\n\n\n<p>The Jena Experiment addresses the importance of biodiversity for the\necosystem and is one of the few long-term experiments of its kind. On the\nexperimental plots, the number of plant species was experimentally manipulated.\nIn order to maintain the number of species, the plots are regularly weeded. <\/p>\n\n\n\n<p><strong>Work location:<\/strong><\/p>\n\n\n\n<p>Weeding takes place on the experimental plots on Wiesenstra\u00dfe in the North\nof Jena.&nbsp; <\/p>\n\n\n\n<p><strong>Job Description:<\/strong><\/p>\n\n\n\n<p>Weeding of the experimental plots of the Jena Experiment.<\/p>\n\n\n\n<p class=\"has-luminous-vivid-amber-background-color has-background\"><strong>Period: <\/strong><br><strong><strong><strong>06.07. \u2013 26.07.2026 (Summer-Weeding)<\/strong><\/strong><\/strong><\/p>\n\n\n\n<p><strong>Working hours: <\/strong><\/p>\n\n\n\n<p>Flexible working hours (min.20h, max.80h \/ month) between 8am and 4:30pm in\nthe specified period. Changes are possible due to weather conditions. <\/p>\n\n\n\n<p><strong>Payment:<\/strong><\/p>\n\n\n\n<p>Payment is the standard hourly rate at the University or minimum wage,\ndepending on the basis of the contract.<\/p>\n\n\n\n<p><strong>Requirements:<\/strong><\/p>\n\n\n\n<p>&#8211; Floristic species knowledge or at least interest\nin plants<\/p>\n\n\n\n<p>&#8211; Knowledge of German or good English (<strong>proof required!<\/strong>)<\/p>\n\n\n\n<p>&#8211; Participation in an introductory course <\/p>\n\n\n\n<p>Applicants who are not enrolled in a bachelor&#8217;s or master&#8217;s degree program\nat any university can only be considered if they meet the requirements for\nshort-term employment according to \u00a7 8 paragraph 1 No. 2 of the SGB IV. <\/p>\n\n\n\n<p class=\"has-luminous-vivid-amber-background-color has-background\"><strong>Application:<\/strong><br>Fill out the form <strong>&#8220;<a href=\"\/wp-content\/uploads\/EinstellantragJII.pdf\">EinstellantragJII.pdf<\/a>&#8220;<\/strong> electronically and send it together with the following documents: <\/p>\n\n\n\n<ul><li>current certificate of study <\/li><li>domestic identity and identification document<\/li><li>Bachelor&#8217;s degree certificate (if applicable)&nbsp; <\/li><li>current residence permit (if applicable)<\/li><li>language certificate (only foreign applicants)<\/li><\/ul>\n\n\n\n<p class=\"has-luminous-vivid-amber-background-color has-background\">to <a href=\"mailto:biodiv@uni-jena.de\">biodiv@uni-jena.de<\/a> by <strong><strong>28.05.2026<\/strong><\/strong> at the latest. <\/p>\n\n\n\n<p><strong>Instructions for the form \u2018Einstellantrag\u2019: <\/strong><\/p>\n\n\n\n<p>Please fill out <strong>only the top section<\/strong>\ncompletely (1. Personal information). The second section (2. Employment\ndetails) will be completed by the project management. <\/p>\n\n\n\n<p>Only completed and electronically filled (not handwritten) applications can\nbe processed further together with the documents mentioned above! <\/p>\n\n\n\n<p>We are looking forward seeing you!<\/p>\n\n\n\n<p>Yours, the Jena Experiment Team<\/p>\n","protected":false},"excerpt":{"rendered":"<p>#English version below# Ihr interessiert euch f\u00fcr Pflanzen und arbeitet gerne drau\u00dfen? Wir brauchen Hilfe bei der Instandhaltung der Versuchsfl\u00e4chen des Jena Experiments! Hintergrund: Das Jena-Experiment befasst sich mit der&hellip;<\/p>\n","protected":false},"author":2,"featured_media":5338,"comment_status":"closed","ping_status":"open","sticky":false,"template":"","format":"standard","meta":[],"categories":[15,10],"tags":[],"_links":{"self":[{"href":"https:\/\/the-jena-experiment.de\/index.php\/wp-json\/wp\/v2\/posts\/6098"}],"collection":[{"href":"https:\/\/the-jena-experiment.de\/index.php\/wp-json\/wp\/v2\/posts"}],"about":[{"href":"https:\/\/the-jena-experiment.de\/index.php\/wp-json\/wp\/v2\/types\/post"}],"author":[{"embeddable":true,"href":"https:\/\/the-jena-experiment.de\/index.php\/wp-json\/wp\/v2\/users\/2"}],"replies":[{"embeddable":true,"href":"https:\/\/the-jena-experiment.de\/index.php\/wp-json\/wp\/v2\/comments?post=6098"}],"version-history":[{"count":4,"href":"https:\/\/the-jena-experiment.de\/index.php\/wp-json\/wp\/v2\/posts\/6098\/revisions"}],"predecessor-version":[{"id":6103,"href":"https:\/\/the-jena-experiment.de\/index.php\/wp-json\/wp\/v2\/posts\/6098\/revisions\/6103"}],"wp:featuredmedia":[{"embeddable":true,"href":"https:\/\/the-jena-experiment.de\/index.php\/wp-json\/wp\/v2\/media\/5338"}],"wp:attachment":[{"href":"https:\/\/the-jena-experiment.de\/index.php\/wp-json\/wp\/v2\/media?parent=6098"}],"wp:term":[{"taxonomy":"category","embeddable":true,"href":"https:\/\/the-jena-experiment.de\/index.php\/wp-json\/wp\/v2\/categories?post=6098"},{"taxonomy":"post_tag","embeddable":true,"href":"https:\/\/the-jena-experiment.de\/index.php\/wp-json\/wp\/v2\/tags?post=6098"}],"curies":[{"name":"wp","href":"https:\/\/api.w.org\/{rel}","templated":true}]}}