{"id":4032,"date":"2022-08-09T08:59:40","date_gmt":"2022-08-09T08:59:40","guid":{"rendered":"http:\/\/the-jena-experiment.de\/?p=4032"},"modified":"2022-08-12T10:08:35","modified_gmt":"2022-08-12T10:08:35","slug":"tag-der-offenen-tur-beim-jena-experiment","status":"publish","type":"post","link":"https:\/\/the-jena-experiment.de\/index.php\/2022\/08\/09\/tag-der-offenen-tur-beim-jena-experiment\/","title":{"rendered":"Tag der offenen T\u00fcr beim Jena Experiment"},"content":{"rendered":"\n<h3 class=\"has-vivid-green-cyan-color has-text-color\"><strong>Biodiversit\u00e4tsforschung hautnah erleben<\/strong><\/h3>\n\n\n\n<p class=\"justify\">Am 17. August l\u00e4dt das Jena Experiment der  Friedrich-Schiller-Universit\u00e4t zum \u201e<a href=\"https:\/\/www.uni-jena.de\/kommende-veranstaltungen\/tag-der-offenen-tuer-beim-jena-experiment\">Tag der offenen T\u00fcr<\/a>\u201c ein. Die  interessierte \u00d6ffentlichkeit erh\u00e4lt an diesem Tag die M\u00f6glichkeit, einen  Teil der umfassenden Biodiversit\u00e4tsforschung der Uni Jena hautnah  kennenzulernen.<\/p>\n\n\n\n<p class=\"justify\">Das Team bietet um 11, 13 und 15 Uhr jeweils F\u00fchrungen \u00fcber die  Versuchsfl\u00e4chen an. Die Besucherinnen und Besucher erfahren dabei, wie  die Forschenden ihre Experimente entwickeln und durchf\u00fchren, wie sie  ihre Daten generieren und sie auswerten. Sie lernen die Versuchsfl\u00e4chen  des Jena Experiments kennen und haben die M\u00f6glichkeit, Fragen zu  Forschung, Ergebnissen und Methodik des seit 2002 laufenden  Forschungsprojektes zu stellen<\/p>\n\n\n\n<h4>Eine Anmeldung vorab ist nicht notwendig. <\/h4>\n\n\n\n<ul><li>Veranstaltungssprache\uff1aDeutsch<\/li><li>Veranstaltungsarten F\u00fchrung\uff1aInformationsveranstaltung  <\/li><li>Beginn: 17. August 2022, 11:00 Uhr<\/li><li>Ende: 17. August 2022, 16:00 Uhr <\/li><li>Ort: Wiesenstra\u00dfe 07743 Jena (The Jena Experiment field site:<a href=\"https:\/\/goo.gl\/maps\/JfY8KXRtNH74XuZP7\"> Google Maps \u2013 Lageplan<\/a>) <\/li><li>Ansprechpartner\/in: <ul><li>Dr. Anne Ebeling<br><a href=\"tel:+49-3641-9-49437\"> +49 3641 9-49437 <\/a><a href=\"mailto:anne.ebeling@uni-jena.de\"> <\/a><br><a href=\"mailto:anne.ebeling@uni-jena.de\">Email <\/a><\/li><\/ul><\/li><\/ul>\n\n\n\n<figure class=\"wp-block-image size-large\"><img loading=\"lazy\" width=\"1024\" height=\"540\" src=\"\/wp-content\/uploads\/field6-1024x540.jpg\" alt=\"\" class=\"wp-image-544\" srcset=\"\/wp-content\/uploads\/field6-1024x540.jpg 1024w, \/wp-content\/uploads\/field6-300x158.jpg 300w, \/wp-content\/uploads\/field6-768x405.jpg 768w, \/wp-content\/uploads\/field6.jpg 1500w\" sizes=\"(max-width: 1024px) 100vw, 1024px\" \/><\/figure>\n","protected":false},"excerpt":{"rendered":"<p>Biodiversit\u00e4tsforschung hautnah erleben Am 17. August l\u00e4dt das Jena Experiment der Friedrich-Schiller-Universit\u00e4t zum \u201eTag der offenen T\u00fcr\u201c ein. Die interessierte \u00d6ffentlichkeit erh\u00e4lt an diesem Tag die M\u00f6glichkeit, einen Teil der&hellip;<\/p>\n","protected":false},"author":2,"featured_media":1682,"comment_status":"closed","ping_status":"open","sticky":false,"template":"","format":"standard","meta":[],"categories":[15,20],"tags":[],"_links":{"self":[{"href":"https:\/\/the-jena-experiment.de\/index.php\/wp-json\/wp\/v2\/posts\/4032"}],"collection":[{"href":"https:\/\/the-jena-experiment.de\/index.php\/wp-json\/wp\/v2\/posts"}],"about":[{"href":"https:\/\/the-jena-experiment.de\/index.php\/wp-json\/wp\/v2\/types\/post"}],"author":[{"embeddable":true,"href":"https:\/\/the-jena-experiment.de\/index.php\/wp-json\/wp\/v2\/users\/2"}],"replies":[{"embeddable":true,"href":"https:\/\/the-jena-experiment.de\/index.php\/wp-json\/wp\/v2\/comments?post=4032"}],"version-history":[{"count":11,"href":"https:\/\/the-jena-experiment.de\/index.php\/wp-json\/wp\/v2\/posts\/4032\/revisions"}],"predecessor-version":[{"id":4048,"href":"https:\/\/the-jena-experiment.de\/index.php\/wp-json\/wp\/v2\/posts\/4032\/revisions\/4048"}],"wp:featuredmedia":[{"embeddable":true,"href":"https:\/\/the-jena-experiment.de\/index.php\/wp-json\/wp\/v2\/media\/1682"}],"wp:attachment":[{"href":"https:\/\/the-jena-experiment.de\/index.php\/wp-json\/wp\/v2\/media?parent=4032"}],"wp:term":[{"taxonomy":"category","embeddable":true,"href":"https:\/\/the-jena-experiment.de\/index.php\/wp-json\/wp\/v2\/categories?post=4032"},{"taxonomy":"post_tag","embeddable":true,"href":"https:\/\/the-jena-experiment.de\/index.php\/wp-json\/wp\/v2\/tags?post=4032"}],"curies":[{"name":"wp","href":"https:\/\/api.w.org\/{rel}","templated":true}]}}